{"id":3131,"date":"2014-03-26T08:30:52","date_gmt":"2014-03-26T07:30:52","guid":{"rendered":"http:\/\/www.integrazionepetaloazzurro.org\/anew\/?p=3131"},"modified":"2014-03-27T08:31:12","modified_gmt":"2014-03-27T07:31:12","slug":"congresso-nazionale-fish","status":"publish","type":"post","link":"http:\/\/www.integrazionepetaloazzurro.org\/anew\/congresso-nazionale-fish\/","title":{"rendered":"Congresso nazionale FISH"},"content":{"rendered":"<p style=\"text-align: justify;\"><img loading=\"lazy\" class=\" wp-image-3107 aligncenter\" alt=\"Allegato di posta elettronica\" src=\"http:\/\/www.integrazionepetaloazzurro.org\/anew\/wp-content\/uploads\/2014\/02\/Allegato-di-posta-elettronica.png\" width=\"300\" height=\"77\" \/><\/p>\n<p>Inizia domani, 27 marzo, il Congresso nazionale della Federazione Italiana per il Superamento dell\u2019Handicap. Tre giorni intensi per pianificare l\u2019impegno futuro di un\u2019organizzazione che raggruppa 30 sigle nazionali di persone con disabilit\u00e0 e loro familiari.<br \/>\n<!--more--><br \/>\nLa Federazione, nata nel 1994, \u00e8 nota per i vent\u2019anni di lotte, di proposte, di confronti, di costruzione di reti che vanno anche al di l\u00e0 del mondo associativo, per essere all\u2019interno dei processi decisionali senza subirli, senza esserne succubi. \u201cNulla su di noi senza di noi!\u201d: lo stesso slogan di quel movimento internazionale che ha prodotto la Convenzione ONU sui diritti delle persone con disabilit\u00e0.<\/p>\n<p>Vent\u2019anni dopo rimangono aperte vecchie sfide e se ne aprono di nuove. \u00c8 proprio quella Convenzione che guida e ispira l\u2019azione della Federazione: pretenderne l\u2019applicazione, esigere la garanzia dei diritti umani, infondere una nuova cultura in cui la diversit\u00e0 rappresenti una ricchezza.<\/p>\n<p>Da qualche mese il Governo ha approvato uno specifico Piano di azione per la disabilit\u00e0: vigilare sull\u2019avanzamento, intervenire sui modi, sui tempi, sulle risorse \u00e8 il primo impegno della FISH. Autonomia personale, inclusione lavorativa e scolastica, mobilit\u00e0 e diritto alla salute sono temi centrali e ineludibili per la qualit\u00e0 della vita di milioni di persone con disabilit\u00e0.<\/p>\n<p>\u201cDove siamo arrivati?\u201d e \u201cCosa faremo?\u201d sono le due domande che troveranno risposta nel Congresso nazionale che prevede la partecipazione di oltre 200 delegati da tutta Italia che, con il consueto spirito propositivo, contribuiranno a definire la linea politica e organizzativa della FISH.<\/p>\n<p>La prima giornata (Spazio Europa, Via IV Novembre 149, Roma, ore 14-18) \u00e8 aperta al pubblico e vede la partecipazione di molti ospiti: un momento di confronto incentrato sui diritti umani delle persone con disabilit\u00e0 e sulla loro effettiva garanzia nel contesto attuale.<\/p>\n<p>Le giornate successive (Hotel Aran Mantegna, Via Andrea Mantegna 130, Roma) sono riservate ai delegati FISH e dedicate alle consuete attivit\u00e0 congressuali.<\/p>\n<p>La sera del 28 marzo, sempre presso l\u2019Hotel Aran Mantegna, \u00e8 prevista una iniziativa di celebrazione dei vent\u2019anni della Federazione, con un ricordo di Bruno Tescari e Gianni Selleri. L\u2019appuntamento \u00e8 rivolto a tutti gli amici della FISH.<\/p>\n<p>Tutti i dettagli nel sito FISH: <a href=\"http:\/\/www.fishonlus.it\">www.fishonlus.it<\/a><\/p>\n<p>&nbsp;<\/p>\n","protected":false},"excerpt":{"rendered":"<p>Inizia domani, 27 marzo, il Congresso nazionale della Federazione Italiana per il Superamento dell\u2019Handicap. Tre giorni intensi per pianificare l\u2019impegno futuro di un\u2019organizzazione che raggruppa 30 sigle nazionali di persone con disabilit\u00e0 e loro familiari.<\/p>\n","protected":false},"author":1,"featured_media":0,"comment_status":"closed","ping_status":"closed","sticky":false,"template":"","format":"standard","meta":{"ngg_post_thumbnail":0},"categories":[45],"tags":[],"aioseo_notices":[],"_links":{"self":[{"href":"http:\/\/www.integrazionepetaloazzurro.org\/anew\/wp-json\/wp\/v2\/posts\/3131"}],"collection":[{"href":"http:\/\/www.integrazionepetaloazzurro.org\/anew\/wp-json\/wp\/v2\/posts"}],"about":[{"href":"http:\/\/www.integrazionepetaloazzurro.org\/anew\/wp-json\/wp\/v2\/types\/post"}],"author":[{"embeddable":true,"href":"http:\/\/www.integrazionepetaloazzurro.org\/anew\/wp-json\/wp\/v2\/users\/1"}],"replies":[{"embeddable":true,"href":"http:\/\/www.integrazionepetaloazzurro.org\/anew\/wp-json\/wp\/v2\/comments?post=3131"}],"version-history":[{"count":1,"href":"http:\/\/www.integrazionepetaloazzurro.org\/anew\/wp-json\/wp\/v2\/posts\/3131\/revisions"}],"predecessor-version":[{"id":3132,"href":"http:\/\/www.integrazionepetaloazzurro.org\/anew\/wp-json\/wp\/v2\/posts\/3131\/revisions\/3132"}],"wp:attachment":[{"href":"http:\/\/www.integrazionepetaloazzurro.org\/anew\/wp-json\/wp\/v2\/media?parent=3131"}],"wp:term":[{"taxonomy":"category","embeddable":true,"href":"http:\/\/www.integrazionepetaloazzurro.org\/anew\/wp-json\/wp\/v2\/categories?post=3131"},{"taxonomy":"post_tag","embeddable":true,"href":"http:\/\/www.integrazionepetaloazzurro.org\/anew\/wp-json\/wp\/v2\/tags?post=3131"}],"curies":[{"name":"wp","href":"https:\/\/api.w.org\/{rel}","templated":true}]}}