{"id":3480,"date":"2014-11-05T09:02:15","date_gmt":"2014-11-05T08:02:15","guid":{"rendered":"http:\/\/www.integrazionepetaloazzurro.org\/anew\/?p=3480"},"modified":"2014-11-05T09:02:15","modified_gmt":"2014-11-05T08:02:15","slug":"comunicato-stampa-fna-400-milioni-per-il-2015","status":"publish","type":"post","link":"http:\/\/www.integrazionepetaloazzurro.org\/anew\/comunicato-stampa-fna-400-milioni-per-il-2015\/","title":{"rendered":"COMUNICATO STAMPA FNA: 400 milioni per il 2015"},"content":{"rendered":"<p><img class=\"aligncenter\" src=\"http:\/\/www.fishonlus.it\/images\/fish_logo_contrast_default.png\" alt=\"\" \/><\/p>\n<p>Nel pomeriggio il Ministro del Lavoro Poletti ha incontrato i rappresentanti di FISH e FAND per affrontare il tema del Fondo non autosufficienze 2015. Come noto, il FNA, nel disegno di legge di stabilit\u00e0, subisce un taglio di 100 milioni, scendendo alla dotazione di 250.<\/p>\n<p>Durante l\u2019incontro, il Ministro Poletti, sentita anche la Presidenza del Consiglio dei Ministri, ha rassicurato le federazioni che la dotazione 2015 arriver\u00e0 a 400 milioni. Contestualmente il Comitato 16 novembre ha incontrato il Sottosegretario alla Presidenza del Consiglio Graziano Delrio ottenendo analoga rassicurazione.<\/p>\n<p><!--more--><br \/>\nL\u2019incontro ha rappresentato per FISH anche l\u2019occasione per attirare l\u2019attenzione sul limitato finanziamento del Fondo nazionale politiche sociali e del Fondo per l\u2019occupazione dei disabili. Quest\u2019ultimo \u00e8 azzerato per il 2015. Poletti su tali aspetti ha espresso la massima attenzione da parte del Governo, auspicando che nel corso della discussione della legge di stabilit\u00e0 quei fondi possano essere maggiormente finanziati.<\/p>\n<p>Poletti ha richiamato pure la centralit\u00e0 di momenti di programmazione delle politiche sociali per la disabilit\u00e0 anche avvalendosi dell\u2019Osservatorio nazionale sulla condizione delle persone con disabilit\u00e0.<\/p>\n<p>\u201cOggi le interlocuzioni mantenute nel corso degli anni da parte della FISH hanno restituito un risultato positivo. Non possiamo comunque non ringraziare il Comitato 16 novembre per la sua iniziativa utile al raggiungimento di questo traguardo. Ora dovremo prestare attenzione alla redazione del decreto di riparto del FNA stesso che verosimilmente verr\u00e0 gi\u00e0 delineato nelle prossime settimane. Oltre a ci\u00f2 prosegue il lavoro di FISH sui tanti aspetti che riguardano la qualit\u00e0 della vita delle persone con disabilit\u00e0.\u201d, ha dichiarato Vincenzo Falabella, presidente della Federazione Italiana per il Superamento dell\u2019Handicap.<\/p>\n<p>FISH &#8211; Federazione Italiana per il Superamento dell\u2019Handicap<br \/>\n<a href=\"http:\/\/www.fishonlus.it\">www.fishonlus.it<\/a><\/p>\n","protected":false},"excerpt":{"rendered":"<p>Nel pomeriggio il Ministro del Lavoro Poletti ha incontrato i rappresentanti di FISH e FAND per affrontare il tema del Fondo non autosufficienze 2015. Come noto, il FNA, nel disegno di legge di stabilit\u00e0, subisce un taglio di 100 milioni, &hellip; <a href=\"http:\/\/www.integrazionepetaloazzurro.org\/anew\/comunicato-stampa-fna-400-milioni-per-il-2015\/\">Continua a leggere<span class=\"meta-nav\">&rarr;<\/span><\/a><\/p>\n","protected":false},"author":1,"featured_media":0,"comment_status":"closed","ping_status":"closed","sticky":false,"template":"","format":"standard","meta":{"ngg_post_thumbnail":0},"categories":[45],"tags":[],"aioseo_notices":[],"_links":{"self":[{"href":"http:\/\/www.integrazionepetaloazzurro.org\/anew\/wp-json\/wp\/v2\/posts\/3480"}],"collection":[{"href":"http:\/\/www.integrazionepetaloazzurro.org\/anew\/wp-json\/wp\/v2\/posts"}],"about":[{"href":"http:\/\/www.integrazionepetaloazzurro.org\/anew\/wp-json\/wp\/v2\/types\/post"}],"author":[{"embeddable":true,"href":"http:\/\/www.integrazionepetaloazzurro.org\/anew\/wp-json\/wp\/v2\/users\/1"}],"replies":[{"embeddable":true,"href":"http:\/\/www.integrazionepetaloazzurro.org\/anew\/wp-json\/wp\/v2\/comments?post=3480"}],"version-history":[{"count":1,"href":"http:\/\/www.integrazionepetaloazzurro.org\/anew\/wp-json\/wp\/v2\/posts\/3480\/revisions"}],"predecessor-version":[{"id":3481,"href":"http:\/\/www.integrazionepetaloazzurro.org\/anew\/wp-json\/wp\/v2\/posts\/3480\/revisions\/3481"}],"wp:attachment":[{"href":"http:\/\/www.integrazionepetaloazzurro.org\/anew\/wp-json\/wp\/v2\/media?parent=3480"}],"wp:term":[{"taxonomy":"category","embeddable":true,"href":"http:\/\/www.integrazionepetaloazzurro.org\/anew\/wp-json\/wp\/v2\/categories?post=3480"},{"taxonomy":"post_tag","embeddable":true,"href":"http:\/\/www.integrazionepetaloazzurro.org\/anew\/wp-json\/wp\/v2\/tags?post=3480"}],"curies":[{"name":"wp","href":"https:\/\/api.w.org\/{rel}","templated":true}]}}