{"id":3487,"date":"2014-12-02T10:12:21","date_gmt":"2014-12-02T09:12:21","guid":{"rendered":"http:\/\/www.integrazionepetaloazzurro.org\/anew\/?p=3487"},"modified":"2014-12-02T10:14:41","modified_gmt":"2014-12-02T09:14:41","slug":"pochi-lavorano-molti-a-rischio-poverta-la-giornata-di-32-milioni-di-disabili","status":"publish","type":"post","link":"http:\/\/www.integrazionepetaloazzurro.org\/anew\/pochi-lavorano-molti-a-rischio-poverta-la-giornata-di-32-milioni-di-disabili\/","title":{"rendered":"Pochi lavorano, molti a rischio povert\u00e0: la Giornata di 3,2 milioni di disabili"},"content":{"rendered":"<p>Il 3 dicembre \u00e8 la Giornata internazionale. Sono circa 190 mila le persone con disabilit\u00e0 che vivono in istituto; 220 mila gli alunni disabili, 680 mila quelli iscritti al collocamento. Oltre il 21% delle \u201cfamiglie con disabilit\u00e0\u201d in Italia \u00e8 a rischio povert\u00e0<\/p>\n<p><a href=\"http:\/\/www.redattoresociale.it\/Notiziario\/Articolo\/474691\/Pochi-lavorano-molti-a-rischio-poverta-la-Giornata-di-3-2-milioni-di-disabili\">Continua la lettura &gt;<\/a><\/p>\n","protected":false},"excerpt":{"rendered":"<p>Il 3 dicembre \u00e8 la Giornata internazionale. Sono circa 190 mila le persone con disabilit\u00e0 che vivono in istituto; 220 mila gli alunni disabili, 680 mila quelli iscritti al collocamento. Oltre il 21% delle \u201cfamiglie con disabilit\u00e0\u201d in Italia \u00e8 &hellip; <a href=\"http:\/\/www.integrazionepetaloazzurro.org\/anew\/pochi-lavorano-molti-a-rischio-poverta-la-giornata-di-32-milioni-di-disabili\/\">Continua a leggere<span class=\"meta-nav\">&rarr;<\/span><\/a><\/p>\n","protected":false},"author":1,"featured_media":0,"comment_status":"closed","ping_status":"closed","sticky":false,"template":"","format":"standard","meta":{"ngg_post_thumbnail":0},"categories":[38],"tags":[],"aioseo_notices":[],"_links":{"self":[{"href":"http:\/\/www.integrazionepetaloazzurro.org\/anew\/wp-json\/wp\/v2\/posts\/3487"}],"collection":[{"href":"http:\/\/www.integrazionepetaloazzurro.org\/anew\/wp-json\/wp\/v2\/posts"}],"about":[{"href":"http:\/\/www.integrazionepetaloazzurro.org\/anew\/wp-json\/wp\/v2\/types\/post"}],"author":[{"embeddable":true,"href":"http:\/\/www.integrazionepetaloazzurro.org\/anew\/wp-json\/wp\/v2\/users\/1"}],"replies":[{"embeddable":true,"href":"http:\/\/www.integrazionepetaloazzurro.org\/anew\/wp-json\/wp\/v2\/comments?post=3487"}],"version-history":[{"count":2,"href":"http:\/\/www.integrazionepetaloazzurro.org\/anew\/wp-json\/wp\/v2\/posts\/3487\/revisions"}],"predecessor-version":[{"id":3492,"href":"http:\/\/www.integrazionepetaloazzurro.org\/anew\/wp-json\/wp\/v2\/posts\/3487\/revisions\/3492"}],"wp:attachment":[{"href":"http:\/\/www.integrazionepetaloazzurro.org\/anew\/wp-json\/wp\/v2\/media?parent=3487"}],"wp:term":[{"taxonomy":"category","embeddable":true,"href":"http:\/\/www.integrazionepetaloazzurro.org\/anew\/wp-json\/wp\/v2\/categories?post=3487"},{"taxonomy":"post_tag","embeddable":true,"href":"http:\/\/www.integrazionepetaloazzurro.org\/anew\/wp-json\/wp\/v2\/tags?post=3487"}],"curies":[{"name":"wp","href":"https:\/\/api.w.org\/{rel}","templated":true}]}}