{"id":3584,"date":"2015-05-19T09:14:58","date_gmt":"2015-05-19T07:14:58","guid":{"rendered":"http:\/\/www.integrazionepetaloazzurro.org\/anew\/?p=3584"},"modified":"2015-05-25T08:46:53","modified_gmt":"2015-05-25T06:46:53","slug":"fish-per-una-svolta-contro-la-segregazione","status":"publish","type":"post","link":"http:\/\/www.integrazionepetaloazzurro.org\/anew\/fish-per-una-svolta-contro-la-segregazione\/","title":{"rendered":"FISH: per una svolta contro la segregazione"},"content":{"rendered":"<p style=\"text-align: justify;\"><img loading=\"lazy\" class=\"alignnone\" src=\"http:\/\/www.fishonlus.it\/images\/fish_logo_contrast_default.png\" alt=\"\" width=\"580\" height=\"108\" \/><\/p>\n<p style=\"text-align: justify;\">La Federazione Italiana per il Superamento dell\u2019Handicap segue con attenzione la discussione del testo unificato delle proposte di legge sul cosiddetto \u201cDopo di noi\u201d all\u2019esame della Commissione Affari sociali della Camera.<!--more--><\/p>\n<p style=\"text-align: justify;\">\u201cAbbiamo avuto modo di esprimere in pi\u00f9 occasioni il nostro punto di vista e articolati suggerimenti di modifica su una norma che riteniamo possa e debba avere delle ricadute significative su centinaia di migliaia di famiglie italiane. L\u2019elaborazione di questa disposizione, che parte dalla constatazione di una emergenza sociale, deve per\u00f2 rappresentare anche l\u2019occasione per un ripensamento profondo del rapporto stesso fra Stato e famiglie e fra Stato e caregiver familiari, persone il cui ruolo non \u00e8 riconosciuto se non quando viene a mancare.\u201d<\/p>\n<p style=\"text-align: justify;\">Cos\u00ec commenta Vincenzo Falabella, presidente della FISH, impegnato in prima persona nel monitoraggio dei testi e dei lavori parlamentari.<\/p>\n<p style=\"text-align: justify;\">\u201cLa nuova norma deve incardinarsi nell\u2019articolo 19 della Convezione ONU favorendo ogni intervento che promuova e sostenga da un lato la vita indipendente di tutti e dall\u2019altro impedisca la segregazione, promuovendo in tutti i modi e in tutti gli ambiti l\u2019autonomia e il supporto alla persona.\u201d<\/p>\n<p style=\"text-align: justify;\">In tal senso la FISH ha ripetutamente chiesto che venga assunto l\u2019obiettivo politico di \u201cimpedire che le persone con disabilit\u00e0 siano vittime di segregazione, in particolare evitando la residenza impropria o presso strutture che per numero di ospiti e caratteristiche non consentano la piena inclusione e non riproducano le condizioni abitative e relazionali della casa familiare.\u201d<\/p>\n<p style=\"text-align: justify;\">Prosegue Falabella: \u201cAbbiamo espressamente chiesto, nel solco della Convenzione ONU, che per le persone istituzionalizzate in contesti segreganti siano attivati percorsi di supporto alla domiciliarit\u00e0 o di inserimento in contesti che riproducono le condizioni abitative e relazionali della casa familiare e che il Fondo per il \u2018dopo di noi\u2019 non sia destinato alla realizzazione o al supporto di strutture che per loro caratteristiche siano causa di segregazione o isolamento. \u00c8 una battaglia di civilt\u00e0 che affianchiamo idealmente a quella storica sulla soppressione dei cosiddetti manicomi e alla pi\u00f9 recente chiusura degli ospedali psichiatrici giudiziari. Una battaglia che va oltre le Aule parlamentari, oltre questa stessa norma. Deve impegnare ogni ambito politico, organizzativo, culturale e \u2013 in prima linea \u2013 il movimento associativo poich\u00e9 si tratta di un cambio di paradigma non pi\u00f9 rinviabile e che riguarda l\u2019intera societ\u00e0, non solo le persone con disabilit\u00e0.\u201d<\/p>\n<p style=\"text-align: justify;\">Al momento la Commissione Affari sociali non ha ancora preso in considerazione questa specifica proposta che FISH ritiene culturalmente e praticamente assai rilevante.<\/p>\n<p style=\"text-align: justify;\">\n<p style=\"text-align: justify;\"><strong>FISH &#8211; Federazione Italiana per il Superamento dell\u2019Handicap<\/strong><br \/>\n<a href=\"http:\/\/www.fishonlus.it\">www.fishonlus.it<\/a><br \/>\n<a href=\"http:\/\/www.facebook.com\/fishonlus%20\">www.facebook.com\/fishonlus <\/a><br \/>\n<a href=\"http:\/\/twitter.com\/fishonlus\">twitter.com\/fishonlus<\/a><\/p>\n","protected":false},"excerpt":{"rendered":"<p>La Federazione Italiana per il Superamento dell\u2019Handicap segue con attenzione la discussione del testo unificato delle proposte di legge sul cosiddetto \u201cDopo di noi\u201d all\u2019esame della Commissione Affari sociali della Camera.<\/p>\n","protected":false},"author":1,"featured_media":0,"comment_status":"closed","ping_status":"closed","sticky":false,"template":"","format":"standard","meta":{"ngg_post_thumbnail":0},"categories":[45],"tags":[72,56],"aioseo_notices":[],"_links":{"self":[{"href":"http:\/\/www.integrazionepetaloazzurro.org\/anew\/wp-json\/wp\/v2\/posts\/3584"}],"collection":[{"href":"http:\/\/www.integrazionepetaloazzurro.org\/anew\/wp-json\/wp\/v2\/posts"}],"about":[{"href":"http:\/\/www.integrazionepetaloazzurro.org\/anew\/wp-json\/wp\/v2\/types\/post"}],"author":[{"embeddable":true,"href":"http:\/\/www.integrazionepetaloazzurro.org\/anew\/wp-json\/wp\/v2\/users\/1"}],"replies":[{"embeddable":true,"href":"http:\/\/www.integrazionepetaloazzurro.org\/anew\/wp-json\/wp\/v2\/comments?post=3584"}],"version-history":[{"count":2,"href":"http:\/\/www.integrazionepetaloazzurro.org\/anew\/wp-json\/wp\/v2\/posts\/3584\/revisions"}],"predecessor-version":[{"id":3594,"href":"http:\/\/www.integrazionepetaloazzurro.org\/anew\/wp-json\/wp\/v2\/posts\/3584\/revisions\/3594"}],"wp:attachment":[{"href":"http:\/\/www.integrazionepetaloazzurro.org\/anew\/wp-json\/wp\/v2\/media?parent=3584"}],"wp:term":[{"taxonomy":"category","embeddable":true,"href":"http:\/\/www.integrazionepetaloazzurro.org\/anew\/wp-json\/wp\/v2\/categories?post=3584"},{"taxonomy":"post_tag","embeddable":true,"href":"http:\/\/www.integrazionepetaloazzurro.org\/anew\/wp-json\/wp\/v2\/tags?post=3584"}],"curies":[{"name":"wp","href":"https:\/\/api.w.org\/{rel}","templated":true}]}}