{"id":3596,"date":"2015-05-29T10:04:46","date_gmt":"2015-05-29T08:04:46","guid":{"rendered":"http:\/\/www.integrazionepetaloazzurro.org\/anew\/?p=3596"},"modified":"2015-05-29T10:04:46","modified_gmt":"2015-05-29T08:04:46","slug":"migrazione-e-disabilita-invisibili-nellemergenza","status":"publish","type":"post","link":"http:\/\/www.integrazionepetaloazzurro.org\/anew\/migrazione-e-disabilita-invisibili-nellemergenza\/","title":{"rendered":"Migrazione e disabilit\u00e0: invisibili nell\u2019emergenza"},"content":{"rendered":"<p style=\"text-align: justify;\"><img loading=\"lazy\" class=\"alignnone\" src=\"http:\/\/www.fishonlus.it\/images\/fish_logo_contrast_default.png\" alt=\"\" width=\"580\" height=\"108\" \/><\/p>\n<p style=\"text-align: justify;\">Secondo i dati dell\u2019Istat, gli stranieri residenti in Italia al 1\u00b0 gennaio 2015 sono 5 milioni 73 mila, pari all\u20198,3% della popolazione residente totale, con un incremento di 151 mila unit\u00e0 rispetto all\u2019anno precedente.<br \/>\n<!--more--><br \/>\nSecondo i dati del MIUR, nell\u2019anno scolastico 2013-2014 gli alunni stranieri delle scuole italiane, statali e non statali, di ogni ordine e grado sono 802.785, pari al 9% del totale. Di questi 26.626 sono alunni stranieri con disabilit\u00e0.<\/p>\n<p>Un fenomeno, quindi, tutt\u2019altro che marginale solo ad osservare questi due scarni dati meramente numerici.<\/p>\n<p>Essere migranti, essere persone con disabilit\u00e0: il rischio di quella doppia discriminazione paventata dalla Convenzione ONU sui diritti delle persone con disabilit\u00e0 \u00e8 un impatto evidente ma ancora insondato nella consistenza e nelle modalit\u00e0 in cui si concretizza.<\/p>\n<p>Su questi aspetti la Federazione Italiana per il Superamento dell\u2019Handicap ha sviluppato una mirata azione di ricerca (\u201cMigranti con disabilit\u00e0: conoscere il fenomeno per tutelare i diritti\u201d), in collaborazione con partner qualificati, in particolare con le associazioni Villa Pallavicini e Nessun luogo \u00e8 Lontano. Ma FISH si \u00e8 appoggiata anche sulla propria rete territoriale oltre che sull\u2019apporto di ANCI, UNAR, Formez PA, Cie Piemonte e Comune di Lamezia Terme.<\/p>\n<p>Ci si \u00e8 posti l\u2019obiettivo di indagare le condizioni di vita degli stranieri con disabilit\u00e0 in Italia, selezionando e organizzando le informazioni e i dati disponibili, analizzando la normativa nazionale di riferimento, raccogliendo le storie di vita delle persone con disabilit\u00e0 migrate nel nostro Paese o di seconda generazione. Ci si propone in questo modo di tracciare i contorni del fenomeno, metterne in luce dimensioni e caratteristiche, individuare le competenze e gli obblighi delle diverse istituzioni coinvolte, e infine fornire alle associazioni territoriali informazioni e indicazioni utili alla funzione di tutela e rappresentanza dei diritti.<\/p>\n<p>Emerge un insieme di criticit\u00e0 di carattere normativo e burocratico, la fotografia di un fenomeno che sfugge non solo alle statistiche ma anche alle istituzioni e spesso anche alle organizzazione della societ\u00e0 civile. \u00c8 la societ\u00e0 italiana nel suo complesso che non incontra e non conosce queste persone e, quindi, non ne riconosce le specifiche esigenze, che rimangono in carico a famiglie che gi\u00e0 faticano a realizzare il loro progetto di inclusione.<\/p>\n<p>I primi risultati della ricerca saranno presentati il prossimo 9 giugno, a Roma, presso la Sala Salvadori della Camera dei Deputati, nel Convegno \u201cMigrazione e disabilit\u00e0: invisibili nell\u2019emergenza\u201d (dalle 9 alle 13.30). Il convegno sar\u00e0 sottotitolato.<\/p>\n<p>Alla presentazione dei risultati seguir\u00e0 una tavola rotonda; sono stati invitati oltre che alcuni rappresentanti del Governo (Politiche sociali, Interno, Istruzione), anche i deputati solitamente pi\u00f9 sensibili a queste tematiche, oltre a referenti istituzionali e dell\u2019associazionismo. Il programma definitivo verr\u00e0 diffuso nei prossimi giorni.<\/p>\n<p>Visto il numero limitato di posti in sala, gli organizzatori richiedono e sollecitano l\u2019iscrizione presso la Segreteria FISH (Tel. 06.78851262, email: presidenza@fishonlus.it).<\/p>\n<p>L\u2019evento \u00e8 realizzato in collaborazione con l\u2019Istituto per gli Studi sui Servizi Sociali (ISTISSS), che \u00e8 ente accreditato per la formazione continua degli assistenti sociali. Sono stati, pertanto, richiesti al CROAS Lazio i crediti formativi (quattro crediti) per gli assistenti sociali.<\/p>\n<p>28 maggio 2015<\/p>\n<p>&nbsp;<\/p>\n<p style=\"text-align: justify;\"><strong>FISH &#8211; Federazione Italiana per il Superamento dell\u2019Handicap<\/strong><br \/>\n<a href=\"http:\/\/www.fishonlus.it\">www.fishonlus.it<\/a><br \/>\n<a href=\"http:\/\/www.facebook.com\/fishonlus%20\">www.facebook.com\/fishonlus <\/a><br \/>\n<a href=\"http:\/\/twitter.com\/fishonlus\">twitter.com\/fishonlus<\/a><\/p>\n","protected":false},"excerpt":{"rendered":"<p>Secondo i dati dell\u2019Istat, gli stranieri residenti in Italia al 1\u00b0 gennaio 2015 sono 5 milioni 73 mila, pari all\u20198,3% della popolazione residente totale, con un incremento di 151 mila unit\u00e0 rispetto all\u2019anno precedente.<\/p>\n","protected":false},"author":1,"featured_media":0,"comment_status":"closed","ping_status":"closed","sticky":false,"template":"","format":"standard","meta":{"ngg_post_thumbnail":0},"categories":[45],"tags":[],"aioseo_notices":[],"_links":{"self":[{"href":"http:\/\/www.integrazionepetaloazzurro.org\/anew\/wp-json\/wp\/v2\/posts\/3596"}],"collection":[{"href":"http:\/\/www.integrazionepetaloazzurro.org\/anew\/wp-json\/wp\/v2\/posts"}],"about":[{"href":"http:\/\/www.integrazionepetaloazzurro.org\/anew\/wp-json\/wp\/v2\/types\/post"}],"author":[{"embeddable":true,"href":"http:\/\/www.integrazionepetaloazzurro.org\/anew\/wp-json\/wp\/v2\/users\/1"}],"replies":[{"embeddable":true,"href":"http:\/\/www.integrazionepetaloazzurro.org\/anew\/wp-json\/wp\/v2\/comments?post=3596"}],"version-history":[{"count":1,"href":"http:\/\/www.integrazionepetaloazzurro.org\/anew\/wp-json\/wp\/v2\/posts\/3596\/revisions"}],"predecessor-version":[{"id":3597,"href":"http:\/\/www.integrazionepetaloazzurro.org\/anew\/wp-json\/wp\/v2\/posts\/3596\/revisions\/3597"}],"wp:attachment":[{"href":"http:\/\/www.integrazionepetaloazzurro.org\/anew\/wp-json\/wp\/v2\/media?parent=3596"}],"wp:term":[{"taxonomy":"category","embeddable":true,"href":"http:\/\/www.integrazionepetaloazzurro.org\/anew\/wp-json\/wp\/v2\/categories?post=3596"},{"taxonomy":"post_tag","embeddable":true,"href":"http:\/\/www.integrazionepetaloazzurro.org\/anew\/wp-json\/wp\/v2\/tags?post=3596"}],"curies":[{"name":"wp","href":"https:\/\/api.w.org\/{rel}","templated":true}]}}