{"id":3882,"date":"2016-05-26T10:18:45","date_gmt":"2016-05-26T08:18:45","guid":{"rendered":"http:\/\/www.integrazionepetaloazzurro.org\/anew\/?p=3882"},"modified":"2016-05-26T10:18:45","modified_gmt":"2016-05-26T08:18:45","slug":"isee-approvato-vecchie-riserve-e-nuove-aspettative","status":"publish","type":"post","link":"http:\/\/www.integrazionepetaloazzurro.org\/anew\/isee-approvato-vecchie-riserve-e-nuove-aspettative\/","title":{"rendered":"ISEE approvato: vecchie riserve e nuove aspettative"},"content":{"rendered":"<p style=\"text-align: justify;\"><img loading=\"lazy\" class=\"alignnone\" src=\"http:\/\/www.fishonlus.it\/images\/fish_logo_contrast_default.png\" alt=\"\" width=\"580\" height=\"108\" \/><\/p>\n<p style=\"text-align: justify;\">La Camera ha dunque approvato in via definitiva la conversione con modificazioni del decreto-legge 42\/2016. Nel provvedimento \u2013 che riguarda in generale il funzionamento del sistema scolastico \u2013 \u00e8 confermato l\u2019articolo (2 sexies) che modifica l\u2019impianto dell\u2019ISEE introdotto su proposta del Governo e gi\u00e0 approvato dal Senato.<br \/>\n<!--more--><br \/>\n\u201cConfermiamo tutte le perplessit\u00e0 gi\u00e0 espresse dopo l\u2019approvazione a Palazzo Madama, dato che il testo non ha subito alcuna modifica \u2013 dichiara Vincenzo Falabella, presidente della Federazione Italiana per il Superamento dell\u2019Handicap \u2013 Se da un lato le nuove norme accolgono le Sentenze del Consiglio di Stato vietando il computo delle provvidenze assistenziali per disabilit\u00e0, dall\u2019altro elimina franchigie e la possibilit\u00e0 di detrarre le spese per assistenza effettivamente sostenute dalle famiglie.\u201d<\/p>\n<p>In effetti con le nuove disposizioni le franchigie differenziate per gravit\u00e0 di disabilit\u00e0 e la possibilit\u00e0 di detrarre spese assistenziali sono soppresse e sostituite da una maggiorazione, uguale per tutte le persone con disabilit\u00e0, delle scale di equivalenza, cio\u00e8 del divisore che viene usato per il calcolo dell\u2019ISEE.<\/p>\n<p>\u201cQuello che ci restituisce questa legge \u00e8 uno strumento ancora meno equo e selettivo e che non riconosce appieno il costo della disabilit\u00e0. Inoltre \u00e8 uno strumento che crea ancora forti disparit\u00e0 di trattamento\u201d, prosegue Falabella.<\/p>\n<p>\u201cL\u2019unico segnale parzialmente positivo deriva dalla contestuale approvazione di un Ordine del Giorno, presentato dall\u2019Onorevole Margherita Miotto, che impegna il Governo ad indicare tempi certi e tempestivi per la revisione del regolamento ISEE, tenendo conto delle spese di assistenza, della presenza di pluriminorazioni, differenziando l\u2019indicatore a seconda della gravit\u00e0 della disabilit\u00e0 e valorizzando in modo pi\u00f9 conveniente i patrimoni accantonati per il \u2018dopo di noi\u2019. Ci auguriamo che il Governo rispetti questa indicazione approvata a larga maggioranza dalla Camera. Duole invece che non siano recepite, da parte governativa, indicazioni a favore dei minori con disabilit\u00e0 (esclusi dalla possibilit\u00e0 di redigere un ISEE ridotto) e di valorizzazione del lavoro dei caregiver familiari.\u201d<\/p>\n<p>Sui contenuti di questo Ordine del Giorno FISH investe nuove aspettative per una pi\u00f9 razionale modificazione dell\u2019ISEE ed \u00e8 proprio su questo processo che la Federazione lancia la sua disponibilit\u00e0, ma anche la sua sfida al Governo.<\/p>\n<p>25 maggio 2016<\/p>\n<p><strong>FISH &#8211; Federazione Italiana per il Superamento dell\u2019Handicap<\/strong><br \/>\n<a href=\"http:\/\/www.fishonlus.it\">www.fishonlus.it<\/a><br \/>\n<a href=\"http:\/\/www.facebook.com\/fishonlus%20\">www.facebook.com\/fishonlus <\/a><br \/>\n<a href=\"http:\/\/twitter.com\/fishonlus\">twitter.com\/fishonlus<\/a><\/p>\n","protected":false},"excerpt":{"rendered":"<p>La Camera ha dunque approvato in via definitiva la conversione con modificazioni del decreto-legge 42\/2016. Nel provvedimento \u2013 che riguarda in generale il funzionamento del sistema scolastico \u2013 \u00e8 confermato l\u2019articolo (2 sexies) che modifica l\u2019impianto dell\u2019ISEE introdotto su proposta &hellip; <a href=\"http:\/\/www.integrazionepetaloazzurro.org\/anew\/isee-approvato-vecchie-riserve-e-nuove-aspettative\/\">Continua a leggere<span class=\"meta-nav\">&rarr;<\/span><\/a><\/p>\n","protected":false},"author":1,"featured_media":0,"comment_status":"closed","ping_status":"closed","sticky":false,"template":"","format":"standard","meta":{"ngg_post_thumbnail":0},"categories":[45],"tags":[],"aioseo_notices":[],"_links":{"self":[{"href":"http:\/\/www.integrazionepetaloazzurro.org\/anew\/wp-json\/wp\/v2\/posts\/3882"}],"collection":[{"href":"http:\/\/www.integrazionepetaloazzurro.org\/anew\/wp-json\/wp\/v2\/posts"}],"about":[{"href":"http:\/\/www.integrazionepetaloazzurro.org\/anew\/wp-json\/wp\/v2\/types\/post"}],"author":[{"embeddable":true,"href":"http:\/\/www.integrazionepetaloazzurro.org\/anew\/wp-json\/wp\/v2\/users\/1"}],"replies":[{"embeddable":true,"href":"http:\/\/www.integrazionepetaloazzurro.org\/anew\/wp-json\/wp\/v2\/comments?post=3882"}],"version-history":[{"count":1,"href":"http:\/\/www.integrazionepetaloazzurro.org\/anew\/wp-json\/wp\/v2\/posts\/3882\/revisions"}],"predecessor-version":[{"id":3883,"href":"http:\/\/www.integrazionepetaloazzurro.org\/anew\/wp-json\/wp\/v2\/posts\/3882\/revisions\/3883"}],"wp:attachment":[{"href":"http:\/\/www.integrazionepetaloazzurro.org\/anew\/wp-json\/wp\/v2\/media?parent=3882"}],"wp:term":[{"taxonomy":"category","embeddable":true,"href":"http:\/\/www.integrazionepetaloazzurro.org\/anew\/wp-json\/wp\/v2\/categories?post=3882"},{"taxonomy":"post_tag","embeddable":true,"href":"http:\/\/www.integrazionepetaloazzurro.org\/anew\/wp-json\/wp\/v2\/tags?post=3882"}],"curies":[{"name":"wp","href":"https:\/\/api.w.org\/{rel}","templated":true}]}}