{"id":4108,"date":"2017-05-19T16:50:44","date_gmt":"2017-05-19T14:50:44","guid":{"rendered":"http:\/\/www.integrazionepetaloazzurro.org\/anew\/?p=4108"},"modified":"2021-06-10T13:17:49","modified_gmt":"2021-06-10T11:17:49","slug":"decreti-buona-scuola-pubblicati-fra-luci-e-ombre","status":"publish","type":"post","link":"http:\/\/www.integrazionepetaloazzurro.org\/anew\/decreti-buona-scuola-pubblicati-fra-luci-e-ombre\/","title":{"rendered":"Decreti \u201cBuona Scuola\u201d: pubblicati fra luci e ombre"},"content":{"rendered":"<p style=\"text-align: justify;\"><img loading=\"lazy\" class=\"alignnone\" src=\"http:\/\/www.fishonlus.it\/images\/fish_logo_contrast_default.png\" alt=\"\" height=\"108\" width=\"580\"><\/p>\n<p class=\"western\">Sono stati dunque pubblicati in Gazzetta Ufficiale (n. 112 del 16-5-2017 \u2013 Suppl. Ordinario n. 23) i decreti applicativi della cosiddetta \u201cBuona Scuola\u201d.<\/p>\n<p class=\"western\">\u201c<em>Per FISH \u00e8 stato un percorso molto sofferto e di intensi confronti fino all\u2019ultimo per tentare di far apportare tutti i possibili miglioramenti, ma anche per frenare derive o rischi per la reale inclusione delle persone con disabilit\u00e0 \u2013 <\/em>commenta il Presidente Vincenzo Falabella \u2013 <em>Un confronto cui vanno riconosciute anche nuove sensibilit\u00e0 e disponibilit\u00e0.\u201d<\/em><!--more--><\/p>\n<p class=\"western\">FISH, in questo scenario, rileva alcuni elementi di cambiamento soprattutto dalla lettura del decreto legislativo 66\/2017 che riguarda appunto l\u2019inclusione degli alunni.<\/p>\n<p class=\"western\">Viene chiarito il procedimento di riconoscimento della disabilit\u00e0, sino ad oggi di <em>handicap<\/em>, che negli ultimi anni aveva assunto situazioni diversificate nelle varie regioni italiane con gravi disagi per le famiglie. Il riconoscimento della disabilit\u00e0 degli alunni viene ora ricondotta ai criteri dell\u2019ICF, uno strumento scientifico internazionale che dovrebbe consentire la pi\u00f9 puntuale definizione del profilo di funzionamento delle persone. Viene valorizzato, in tal senso, anche il ruolo delle famiglie e delle loro associazioni, riconoscendone la rilevanza anche nella definizione del PEI, il piano educativo individualizzato e del progetto di vita. Per ragioni di opportunit\u00e0 e per la portata innovativa di tali aspetti, l\u2019entrata in vigore \u00e8 posposta al 2019, in attesa anche di congrue indicazioni e decreti applicativi.<\/p>\n<p class=\"western\">La continuit\u00e0 didattica dovrebbe, secondo il decreto, essere maggiormente garantita. Viene potenziata la formazione iniziale dei futuri docenti per il sostegno sia della scuola dell\u2019infanzia e primaria che della scuola secondaria.<\/p>\n<p class=\"western\">Risulta rafforzato anche il ruolo dell\u2019Osservatorio scolastico ministeriale, ora espressamente previsto da una norma di legge, i cui compiti sono di maggiore collaborazione con l\u2019amministrazione scolastica nel campo dell\u2019inclusione.<\/p>\n<p class=\"western\">Sulla delicata questione del tetto massimo di alunni per classe, FISH riconosce il miglioramento rispetto alla formulazione iniziale che prevedeva <em>\u201cdi norma\u201d<\/em> un tetto di 20 alunni, significando con ci\u00f2 che si sarebbe potuto eccezionalmente superarlo senza limiti. Nel nuovo testo, grazie alla pressione di FISH, scompare quel <em>\u201cdi norma\u201d<\/em>. Ci\u00f2 significa che continua ad essere vigente la regola attuale: il tetto di 20 alunni pu\u00f2 essere eccezionalmente aumentato ma non oltre il 10%, cio\u00e8 due alunni in pi\u00f9.<\/p>\n<p class=\"western\">Altri aspetti, tuttavia, continuano a lasciare molte perplessit\u00e0.<\/p>\n<p class=\"western\">Il testo del decreto insistitamente ripete che le innovazioni si svolgeranno sulla base delle risorse finanziarie disponibili, quasi che i diritti possano essere compressi da limiti di bilancio. E in tal senso esistono sentenze numerose della Corte costituzionale e del Consiglio di Stato che garantiscono l\u2019inviolabilit\u00e0 del diritto allo studio degli alunni con disabilit\u00e0.<\/p>\n<p class=\"western\">Il testo del decreto 66 conserva degli elementi di ambiguit\u00e0: non \u00e8 pi\u00f9 precisata la sede in cui effettuare la quantificazione delle risorse necessarie per ciascun alunno. Invero si prevede che il Dirigente scolastico invii le proposte al GIT sulla base di tutti i dati relativi a ciascun alunno contenuti nella valutazione e nel PEI. \u00c8 questo uno degli elementi pi\u00f9 rilevanti che ci si augura vengano chiariti nelle Linee guida che si prevede vengano emanate entro 180 giorni dall\u2019entrata in vigore del decreto.<\/p>\n<p class=\"western\">FISH ha gi\u00e0 chiesto di partecipare alla stesura di tale documento, ottenendone rassicurazioni dal Ministro Fedeli.<\/p>\n<p class=\"western\">Ma c\u2019\u00e8 un\u2019ulteriore criticit\u00e0. Nessuna novit\u00e0 in materia di didattica inclusiva nella formazione iniziale dei futuri insegnanti curricolari: il numero di crediti formativi richiesti rimane immutato rispetto agli obblighi attuali.<\/p>\n<p class=\"western\">\u201c<em>Questa lacuna <\/em>\u2013 commenta Vincenzo Falabella \u2013 <em>\u00e8 un aspetto assai grave perch\u00e9 continuer\u00e0 ad alimentare la delega del progetto inclusivo ai soli docenti per il sostegno: \u00e8 un fronte su cui la Federazione gi\u00e0 annuncia un rinnovato impegno.\u201d<\/em><\/p>\n<p style=\"text-align: right;\"><em>17 maggio 2017<\/em><\/p>\n<p>&nbsp;<\/p>\n<p><strong>FISH &#8211; Federazione Italiana per il Superamento dell\u2019Handicap<\/strong><br \/>\n<a href=\"http:\/\/www.fishonlus.it\">www.fishonlus.it<\/a><br \/>\n<a href=\"http:\/\/www.facebook.com\/fishonlus%20\">www.facebook.com\/fishonlus <\/a><br \/>\n<a href=\"http:\/\/twitter.com\/fishonlus\">twitter.com\/fishonlus<\/a><\/p>\n","protected":false},"excerpt":{"rendered":"<p>Sono stati dunque pubblicati in Gazzetta Ufficiale (n. 112 del 16-5-2017 \u2013 Suppl. Ordinario n. 23) i decreti applicativi della cosiddetta \u201cBuona Scuola\u201d. \u201cPer FISH \u00e8 stato un percorso molto sofferto e di intensi confronti fino all\u2019ultimo per tentare di &hellip; <a href=\"http:\/\/www.integrazionepetaloazzurro.org\/anew\/decreti-buona-scuola-pubblicati-fra-luci-e-ombre\/\">Continua a leggere<span class=\"meta-nav\">&rarr;<\/span><\/a><\/p>\n","protected":false},"author":1,"featured_media":4879,"comment_status":"closed","ping_status":"closed","sticky":false,"template":"","format":"standard","meta":{"ngg_post_thumbnail":0},"categories":[45],"tags":[],"aioseo_notices":[],"_links":{"self":[{"href":"http:\/\/www.integrazionepetaloazzurro.org\/anew\/wp-json\/wp\/v2\/posts\/4108"}],"collection":[{"href":"http:\/\/www.integrazionepetaloazzurro.org\/anew\/wp-json\/wp\/v2\/posts"}],"about":[{"href":"http:\/\/www.integrazionepetaloazzurro.org\/anew\/wp-json\/wp\/v2\/types\/post"}],"author":[{"embeddable":true,"href":"http:\/\/www.integrazionepetaloazzurro.org\/anew\/wp-json\/wp\/v2\/users\/1"}],"replies":[{"embeddable":true,"href":"http:\/\/www.integrazionepetaloazzurro.org\/anew\/wp-json\/wp\/v2\/comments?post=4108"}],"version-history":[{"count":2,"href":"http:\/\/www.integrazionepetaloazzurro.org\/anew\/wp-json\/wp\/v2\/posts\/4108\/revisions"}],"predecessor-version":[{"id":4947,"href":"http:\/\/www.integrazionepetaloazzurro.org\/anew\/wp-json\/wp\/v2\/posts\/4108\/revisions\/4947"}],"wp:featuredmedia":[{"embeddable":true,"href":"http:\/\/www.integrazionepetaloazzurro.org\/anew\/wp-json\/wp\/v2\/media\/4879"}],"wp:attachment":[{"href":"http:\/\/www.integrazionepetaloazzurro.org\/anew\/wp-json\/wp\/v2\/media?parent=4108"}],"wp:term":[{"taxonomy":"category","embeddable":true,"href":"http:\/\/www.integrazionepetaloazzurro.org\/anew\/wp-json\/wp\/v2\/categories?post=4108"},{"taxonomy":"post_tag","embeddable":true,"href":"http:\/\/www.integrazionepetaloazzurro.org\/anew\/wp-json\/wp\/v2\/tags?post=4108"}],"curies":[{"name":"wp","href":"https:\/\/api.w.org\/{rel}","templated":true}]}}